{"id":39,"date":"2022-02-02T06:57:50","date_gmt":"2022-02-02T06:57:50","guid":{"rendered":"https:\/\/cvse.hu\/2022\/?p=39"},"modified":"2022-02-02T06:57:52","modified_gmt":"2022-02-02T06:57:52","slug":"2014-15","status":"publish","type":"post","link":"https:\/\/cvse.hu\/2022\/?p=39","title":{"rendered":"2014\/15"},"content":{"rendered":"\n<p>A 2014\/2015-es NBII (\u00c9szak-Nyugat) feln\u0151tt n\u0151i k\u00e9zilabda bajnoks\u00e1g 4. helyezett csapata.<\/p>\n\n\n\n<figure class=\"wp-block-table\"><table><tbody><tr><td>N\u00e9v<\/td><td>&nbsp;<\/td><td>G\u00f3l<\/td><td>Meccs<\/td><\/tr><tr><td>Szomorkovits Lilla<\/td><td>&nbsp;<\/td><td>146<\/td><td>20<\/td><\/tr><tr><td>Sebesty\u00e9n Fanni<\/td><td>&nbsp;<\/td><td>64<\/td><td>20<\/td><\/tr><tr><td>Czet\u0151 Kata<\/td><td>&nbsp;<\/td><td>59<\/td><td>14<\/td><\/tr><tr><td>Freiberger Ivett<\/td><td>&nbsp;<\/td><td>46<\/td><td>12<\/td><\/tr><tr><td>Bagics Tifani<\/td><td>&nbsp;<\/td><td>45<\/td><td>20<\/td><\/tr><tr><td>Horv\u00e1th Zita<\/td><td>&nbsp;<\/td><td>41<\/td><td>11<\/td><\/tr><tr><td>Vlasich T\u00fcnde<\/td><td>&nbsp;<\/td><td>26<\/td><td>19<\/td><\/tr><tr><td>T\u00f3th Barbara<\/td><td>&nbsp;<\/td><td>19<\/td><td>10<\/td><\/tr><tr><td>N\u00e9meth Vivien<\/td><td>&nbsp;<\/td><td>17<\/td><td>5<\/td><\/tr><tr><td>Geiger Csilla<\/td><td>&nbsp;<\/td><td>15<\/td><td>16<\/td><\/tr><tr><td>Szab\u00f3 Hedvig<\/td><td>&nbsp;<\/td><td>0<\/td><td>19<\/td><\/tr><tr><td>Balogh Veronika<\/td><td>&nbsp;<\/td><td>0<\/td><td>17<\/td><\/tr><tr><td>Pongr\u00e1cz Erika<\/td><td>&nbsp;<\/td><td>0<\/td><td>8<\/td><\/tr><tr><td>Nagy Valentina<\/td><td>&nbsp;<\/td><td>0<\/td><td>5<\/td><\/tr><tr><td>F\u00fcl\u00f6p Eszter<\/td><td>&nbsp;<\/td><td>0<\/td><td>2<\/td><\/tr><tr><td>Szomorkovits Adrienn<\/td><td>&nbsp;<\/td><td>0<\/td><td>0<\/td><\/tr><tr><td>F\u00fczfa Anett<\/td><td>&nbsp;<\/td><td>0<\/td><td>0<\/td><\/tr><\/tbody><\/table><\/figure>\n\n\n\n<figure class=\"wp-block-image\"><img decoding=\"async\" src=\"http:\/\/www.cvse.hu\/celldomolk\/images\/2015\/cvsenoikezifelno201415.jpg\" alt=\"\"\/><\/figure>\n\n\n\n<p>\u00c1llnak (balr\u00f3l jobbra): Rozm\u00e1n Gerg\u0151 (vezet\u0151edz\u0151), F\u0171zfa Anett, Szomorkovits Adrienn, T\u00f3th Barbara, Freiberger Ivett, Szomorkovits Lilla, Geiger Csilla, Vlasich T\u00fcnde, Szab\u00f3 L\u00f3r\u00e1nt (szakoszt\u00e1lyvezet\u0151)<\/p>\n\n\n\n<p>\u00dclnek: Bagics Tifani, Sebesty\u00e9n Fanni, Szab\u00f3 Hedvig, Balogh Veronika, Pongr\u00e1cz Erika, N\u00e9meth Vivien<\/p>\n","protected":false},"excerpt":{"rendered":"<p>A 2014\/2015-es NBII (\u00c9szak-Nyugat) feln\u0151tt n\u0151i k\u00e9zilabda bajnoks\u00e1g 4. helyezett csapata. N\u00e9v &nbsp; G\u00f3l Meccs Szomorkovits Lilla &nbsp; 146 20 Sebesty\u00e9n Fanni &nbsp; 64 20&hellip;<\/p>\n","protected":false},"author":1,"featured_media":0,"comment_status":"open","ping_status":"open","sticky":false,"template":"","format":"standard","meta":{"footnotes":""},"categories":[4],"tags":[],"class_list":["post-39","post","type-post","status-publish","format-standard","hentry","category-kezilabda"],"_links":{"self":[{"href":"https:\/\/cvse.hu\/2022\/index.php?rest_route=\/wp\/v2\/posts\/39","targetHints":{"allow":["GET"]}}],"collection":[{"href":"https:\/\/cvse.hu\/2022\/index.php?rest_route=\/wp\/v2\/posts"}],"about":[{"href":"https:\/\/cvse.hu\/2022\/index.php?rest_route=\/wp\/v2\/types\/post"}],"author":[{"embeddable":true,"href":"https:\/\/cvse.hu\/2022\/index.php?rest_route=\/wp\/v2\/users\/1"}],"replies":[{"embeddable":true,"href":"https:\/\/cvse.hu\/2022\/index.php?rest_route=%2Fwp%2Fv2%2Fcomments&post=39"}],"version-history":[{"count":1,"href":"https:\/\/cvse.hu\/2022\/index.php?rest_route=\/wp\/v2\/posts\/39\/revisions"}],"predecessor-version":[{"id":40,"href":"https:\/\/cvse.hu\/2022\/index.php?rest_route=\/wp\/v2\/posts\/39\/revisions\/40"}],"wp:attachment":[{"href":"https:\/\/cvse.hu\/2022\/index.php?rest_route=%2Fwp%2Fv2%2Fmedia&parent=39"}],"wp:term":[{"taxonomy":"category","embeddable":true,"href":"https:\/\/cvse.hu\/2022\/index.php?rest_route=%2Fwp%2Fv2%2Fcategories&post=39"},{"taxonomy":"post_tag","embeddable":true,"href":"https:\/\/cvse.hu\/2022\/index.php?rest_route=%2Fwp%2Fv2%2Ftags&post=39"}],"curies":[{"name":"wp","href":"https:\/\/api.w.org\/{rel}","templated":true}]}}