{"id":243,"date":"2022-02-10T09:16:11","date_gmt":"2022-02-10T09:16:11","guid":{"rendered":"https:\/\/cvse.hu\/2022\/?p=243"},"modified":"2022-02-10T09:16:11","modified_gmt":"2022-02-10T09:16:11","slug":"1990-1991","status":"publish","type":"post","link":"https:\/\/cvse.hu\/2022\/?p=243","title":{"rendered":"1990\/1991"},"content":{"rendered":"\n<figure class=\"wp-block-table\"><table><tbody><tr><td>N\u00e9v<\/td><td>Meccs<\/td><td>G\u00f3l<\/td><\/tr><tr><td>Balh\u00e1si Istv\u00e1n<\/td><td>30<\/td><td>5<\/td><\/tr><tr><td>Cs\u00e1kv\u00e1ri Zsolt<\/td><td>29<\/td><td>4<\/td><\/tr><tr><td>Geicsnek L\u00e1szl\u00f3<\/td><td>29<\/td><td>2<\/td><\/tr><tr><td>Zsolnai G\u00e1bor<\/td><td>29<\/td><td>0<\/td><\/tr><tr><td>Szentgy\u00f6rgyi J\u00f3zsef<\/td><td>28<\/td><td>8<\/td><\/tr><tr><td>Sebesty\u00e9n Attila<\/td><td>27<\/td><td>0<\/td><\/tr><tr><td>P\u00e9cz K\u00e1roly<\/td><td>24<\/td><td>2<\/td><\/tr><tr><td>Tarczi Ferenc<\/td><td>20<\/td><td>0<\/td><\/tr><tr><td>Varga Istv\u00e1n<\/td><td>20<\/td><td>0<\/td><\/tr><tr><td>Horv\u00e1th J\u00f3zsef<\/td><td>18<\/td><td>1<\/td><\/tr><tr><td>Hety\u00e9si Zolt\u00e1n<\/td><td>17<\/td><td>0<\/td><\/tr><tr><td>M\u00e9sz\u00e1ros J\u00f3zsef<\/td><td>15<\/td><td>0<\/td><\/tr><tr><td>Kolonics Ferenc<\/td><td>13<\/td><td>0<\/td><\/tr><tr><td>Lakner P\u00e9ter<\/td><td>13<\/td><td>4<\/td><\/tr><tr><td>N\u00e9meth Gyula<\/td><td>13<\/td><td>0<\/td><\/tr><tr><td>Ny\u00e9ki S\u00e1ndor<\/td><td>13<\/td><td>0<\/td><\/tr><tr><td>Varga Csaba<\/td><td>11<\/td><td>0<\/td><\/tr><tr><td>Gelesits Gy\u00f6rgy<\/td><td>8<\/td><td>0<\/td><\/tr><tr><td>Csoll\u00e1ny P\u00e9ter<\/td><td>7<\/td><td>1<\/td><\/tr><tr><td>J\u00e1nosa Istv\u00e1n<\/td><td>6<\/td><td>0<\/td><\/tr><tr><td>Gosztola Istv\u00e1n<\/td><td>3<\/td><td>1<\/td><\/tr><tr><td>Horv\u00e1th B\u00e9la<\/td><td>3<\/td><td>1<\/td><\/tr><tr><td>J\u00e1nosa Tam\u00e1s<\/td><td>3<\/td><td>0<\/td><\/tr><tr><td>Nagy Antal<\/td><td>2<\/td><td>0<\/td><\/tr><tr><td>S\u00e1rk\u00f6zi Zsolt<\/td><td>2<\/td><td>0<\/td><\/tr><tr><td>K\u0151szegi J\u00f3zsef<\/td><td>1<\/td><td>0<\/td><\/tr><tr><td>Hermann Istv\u00e1n<\/td><td>1<\/td><td>0<\/td><\/tr><\/tbody><\/table><\/figure>\n","protected":false},"excerpt":{"rendered":"<p>N\u00e9v Meccs G\u00f3l Balh\u00e1si Istv\u00e1n 30 5 Cs\u00e1kv\u00e1ri Zsolt 29 4 Geicsnek L\u00e1szl\u00f3 29 2 Zsolnai G\u00e1bor 29 0 Szentgy\u00f6rgyi J\u00f3zsef 28 8 Sebesty\u00e9n Attila&hellip;<\/p>\n","protected":false},"author":1,"featured_media":0,"comment_status":"open","ping_status":"open","sticky":false,"template":"","format":"standard","meta":{"footnotes":""},"categories":[12],"tags":[],"class_list":["post-243","post","type-post","status-publish","format-standard","hentry","category-labdarugas-jatekosok"],"_links":{"self":[{"href":"https:\/\/cvse.hu\/2022\/index.php?rest_route=\/wp\/v2\/posts\/243","targetHints":{"allow":["GET"]}}],"collection":[{"href":"https:\/\/cvse.hu\/2022\/index.php?rest_route=\/wp\/v2\/posts"}],"about":[{"href":"https:\/\/cvse.hu\/2022\/index.php?rest_route=\/wp\/v2\/types\/post"}],"author":[{"embeddable":true,"href":"https:\/\/cvse.hu\/2022\/index.php?rest_route=\/wp\/v2\/users\/1"}],"replies":[{"embeddable":true,"href":"https:\/\/cvse.hu\/2022\/index.php?rest_route=%2Fwp%2Fv2%2Fcomments&post=243"}],"version-history":[{"count":1,"href":"https:\/\/cvse.hu\/2022\/index.php?rest_route=\/wp\/v2\/posts\/243\/revisions"}],"predecessor-version":[{"id":244,"href":"https:\/\/cvse.hu\/2022\/index.php?rest_route=\/wp\/v2\/posts\/243\/revisions\/244"}],"wp:attachment":[{"href":"https:\/\/cvse.hu\/2022\/index.php?rest_route=%2Fwp%2Fv2%2Fmedia&parent=243"}],"wp:term":[{"taxonomy":"category","embeddable":true,"href":"https:\/\/cvse.hu\/2022\/index.php?rest_route=%2Fwp%2Fv2%2Fcategories&post=243"},{"taxonomy":"post_tag","embeddable":true,"href":"https:\/\/cvse.hu\/2022\/index.php?rest_route=%2Fwp%2Fv2%2Ftags&post=243"}],"curies":[{"name":"wp","href":"https:\/\/api.w.org\/{rel}","templated":true}]}}